{"id":9928,"date":"2019-10-31T14:50:12","date_gmt":"2019-10-31T14:50:12","guid":{"rendered":"https:\/\/ypjrojava.net\/?p=9928"},"modified":"2022-06-22T04:27:42","modified_gmt":"2022-06-22T04:27:42","slug":"ji-bo-raya-gisti-ra-3","status":"publish","type":"post","link":"https:\/\/ypjrojava.net\/?p=9928","title":{"rendered":"Ji Bo Raya Gi\u015ft\u00ee Ra"},"content":{"rendered":"<p><strong>Encam<\/strong><strong>\u00ean \u015fer <\/strong><strong>\u00fb berxwedana roja 22em\u00een li rojavay<\/strong><strong>\u00ea Kurdistan <\/strong><strong>\u00fb bak<\/strong><strong>\u00fbr<\/strong><strong>\u00fb S<\/strong><strong>\u00fbriy<\/strong><strong>\u00ea<\/strong><\/p>\n<p>Ruxm\u00ea ku h\u00eaz\u00ean me y\u00ean parastina s\u00eenor di \u00e7ar\u00e7oveya r\u00eakeftin\u00ea de derbas\u00ee rew\u015fa parastin\u00ea b\u00fbn j\u00ee, art\u00ea\u015fa dagirker \u00fb kom\u00ean \u00e7ete y\u00ean bi ser ve \u00ear\u00ee\u015f\u00ean xwe li dij\u00ee h\u00eaz\u00ean parastian s\u00eenor ya art\u00ea\u015fa S\u00fbr\u00ee berdewam kirin, \u00ear\u00ee\u015f li ser gelek gundewar\u00ean her\u00eam\u00ea li dar xistin \u00fb xwestin dagirkeriya xwe berfireh bikin. H\u00eaz\u00ean me di \u00e7ar\u00e7oveya parastina rewa de bersiva van \u00ear\u00ee\u015fan dan.<\/p>\n<p><strong>Eb<\/strong><strong>\u00fb <\/strong><strong>Rasen<\/strong><strong>:<\/strong><\/p>\n<p>Art\u00ea\u015fa dagirker bi 50 seyareyan li derdor\u00ea gund\u00ean Ing el-Hewa \u00fb Xirbet Cimo xwestin \u00ear\u00ee\u015f bibin ser \u00e7eper\u00ean h\u00eaz\u00ean hik\u00fbmeta S\u00fbr\u00ee \u00fb gund\u00ean li dervey\u00ee agirbest\u00ea dagir bikin. H\u00eaz\u00ean me bi armanca parastina van gundan bersiv dan \u00ear\u00ee\u015fan \u00fb di encam \u015fer qewim\u00ee. Di encama \u015fer\u00ea li v\u00ea her\u00eam\u00ea \u00fb gund\u00ea Til el-Werd hejamrek z\u00eade \u00e7ete hatin ku\u015ftin \u00fb br\u00eendarkirin, herwiha ma\u015f\u00eeneyek kar hat r\u00fbxandin.<\/p>\n<p><strong>Gir<\/strong><strong>\u00ea Sp<\/strong><strong>\u00ee \u00fb Koban\u00ee<\/strong><strong>:<\/strong><\/p>\n<p>Art\u00ea\u015fa dagirker \u00fb kom\u00ean \u00e7ete bi hejmarek mezin \u00e7ete \u00fb pi\u015ftevaniya h\u00eaza heway\u00ee li gund\u00ean Evdik\u00ea, \u00c7ariql\u00ee \u00fb Berberiy\u00ea \u00ear\u00ee\u015f li dar xistin \u00fb hewl dan her\u00eam\u00ean n\u00fb dagir bikin. H\u00eaz\u00ean me di \u00e7ar\u00e7oveya parastina rewa de bersiva hem\u00fb \u00ear\u00ee\u015fan dan \u00fb di encam pev\u00e7\u00fbn\u00ean giran qewim\u00een, di hem\u00fb xetan de \u00ear\u00ee\u015fa art\u00ea\u015fa dagirker \u00fb kom\u00ean \u00e7ete hatin \u015fikandin.<\/p>\n<p>Di bersivdana h\u00eaz\u00ean me de bi dehan \u00e7ete hatin ku\u015ftin \u00fb br\u00eendarkirin. 5 heval\u00ean me di v\u00ea berxwedan\u00ea de br\u00eendar b\u00fbn.<\/p>\n<p><strong><em>Navenda Ragihandina QSD<\/em><\/strong><\/p>\n<p><strong><em>31<\/em><\/strong><strong><em>\u00ea <\/em><\/strong><strong><em>Cotmeha 2019<\/em><\/strong><\/p>\n","protected":false},"excerpt":{"rendered":"<p>Encam\u00ean \u015fer \u00fb berxwedana roja 22em\u00een li rojavay\u00ea Kurdistan \u00fb bak\u00fbr\u00fb S\u00fbriy\u00ea Ruxm\u00ea ku h\u00eaz\u00ean me y\u00ean parastina s\u00eenor di \u00e7ar\u00e7oveya r\u00eakeftin\u00ea de derbas\u00ee rew\u015fa parastin\u00ea b\u00fbn j\u00ee, art\u00ea\u015fa dagirker \u00fb kom\u00ean \u00e7ete y\u00ean bi ser ve \u00ear\u00ee\u015f\u00ean xwe li dij\u00ee h\u00eaz\u00ean parastian s\u00eenor ya art\u00ea\u015fa S\u00fbr\u00ee berdewam kirin, \u00ear\u00ee\u015f li ser gelek gundewar\u00ean her\u00eam\u00ea [&hellip;]<\/p>\n","protected":false},"author":1,"featured_media":14177,"comment_status":"closed","ping_status":"closed","sticky":false,"template":"","format":"standard","meta":{"footnotes":""},"categories":[39],"tags":[],"class_list":{"0":"post-9928","1":"post","2":"type-post","3":"status-publish","4":"format-standard","5":"has-post-thumbnail","7":"category-daxuyani"},"_links":{"self":[{"href":"https:\/\/ypjrojava.net\/index.php?rest_route=\/wp\/v2\/posts\/9928","targetHints":{"allow":["GET"]}}],"collection":[{"href":"https:\/\/ypjrojava.net\/index.php?rest_route=\/wp\/v2\/posts"}],"about":[{"href":"https:\/\/ypjrojava.net\/index.php?rest_route=\/wp\/v2\/types\/post"}],"author":[{"embeddable":true,"href":"https:\/\/ypjrojava.net\/index.php?rest_route=\/wp\/v2\/users\/1"}],"replies":[{"embeddable":true,"href":"https:\/\/ypjrojava.net\/index.php?rest_route=%2Fwp%2Fv2%2Fcomments&post=9928"}],"version-history":[{"count":1,"href":"https:\/\/ypjrojava.net\/index.php?rest_route=\/wp\/v2\/posts\/9928\/revisions"}],"predecessor-version":[{"id":9929,"href":"https:\/\/ypjrojava.net\/index.php?rest_route=\/wp\/v2\/posts\/9928\/revisions\/9929"}],"wp:featuredmedia":[{"embeddable":true,"href":"https:\/\/ypjrojava.net\/index.php?rest_route=\/wp\/v2\/media\/14177"}],"wp:attachment":[{"href":"https:\/\/ypjrojava.net\/index.php?rest_route=%2Fwp%2Fv2%2Fmedia&parent=9928"}],"wp:term":[{"taxonomy":"category","embeddable":true,"href":"https:\/\/ypjrojava.net\/index.php?rest_route=%2Fwp%2Fv2%2Fcategories&post=9928"},{"taxonomy":"post_tag","embeddable":true,"href":"https:\/\/ypjrojava.net\/index.php?rest_route=%2Fwp%2Fv2%2Ftags&post=9928"}],"curies":[{"name":"wp","href":"https:\/\/api.w.org\/{rel}","templated":true}]}}