{"id":9960,"date":"2019-11-01T13:54:24","date_gmt":"2019-11-01T13:54:24","guid":{"rendered":"https:\/\/ypjrojava.net\/?p=9960"},"modified":"2019-11-01T14:33:49","modified_gmt":"2019-11-01T14:33:49","slug":"ronahi-u-sara-bun-sembola-rihe-welatparezi-u-dilpakiya-hevaltiye","status":"publish","type":"post","link":"https:\/\/ypjrojava.net\/?p=9960","title":{"rendered":"Ronah\u00ee \u00fb Sara B\u00fbn Sembola Rih\u00ea Welatpar\u00eaz\u00ee \u00fb Dilpakiya Hevaltiy\u00ea\u00a0\u00a0"},"content":{"rendered":"<p>Em di kesayeta r\u00eaheval Ronah\u00ee \u00fb Sara de ku b\u00fbn sembola dilpakiya hevaltiy\u00ea \u00fb b\u00fbn ev\u00eendar\u00ea teko\u015f\u00eena gelan, \u015feh\u00eed\u00ean \u015fore\u015fa mirovahiy\u00ea \u00fb tevah\u00ee \u015feh\u00eed\u00ean Berxwedana R\u00fbmet\u00ea bi minetdar\u00ee bi b\u00eert\u00eenin. Em di \u015fexs\u00ea malbat\u00ean herdu heval\u00ean xwey\u00ee h\u00eaja de sarsax\u00ee ji tevah\u00ee gel\u00ean Bak\u00fbr-Rojhilat\u00ee S\u00fbriy\u00ea \u00fb tevah\u00ee jin\u00ean teko\u015f\u00eenvan re dixwezin. Em careke din li hember\u00ee mezinb\u00fbn \u00fb berxwedaniya herdu r\u00eahevalan soza domandina teko\u015f\u00een\u00ea didin.<\/p>\n<p>Berxwedana R\u00fbmet\u00ea, ya li hember\u00ee dagirkeriya dewleta Tirk, \u00e7etey\u00ean w\u00ea El Nusra \u00fb DAI\u015e\u2019\u00ea bi fedekar\u00ee, ked \u00fb biryardariya \u015fervan\u00ean v\u00ea xaka p\u00eeroz berdewam dike. Li hember\u00ee hov\u00eetiya her\u00ee mezin ya v\u00ea serdem\u00ea ku dewleta Tirk p\u00ea\u015fengiya w\u00ea dike. \u00cero jin\u00ean di parastina nirx\u00ean mirovahiy\u00ea de bi \u00eesrarin duh li hember\u00ee \u00e7etey\u00ean DAI\u015e\u2019\u00ea, \u00eero li hember\u00ee fa\u015f\u00eezma Erdogan li ber xwe didin. Heval Ronah\u00ee \u00fb Sara bi rih\u00ea p\u00ea\u015fengiya dem\u00ea b\u00fbn sermbol\u00ean Berxwedana R\u00fbmet\u00ea. Ew bi v\u00een \u00fb biryardariyeke xurt li hember\u00ee dagirker\u00ee \u00fb qirkirina dewleta Tirk sekin\u00eenin.<\/p>\n<p>Heval Ronah\u00ee, di temen\u00ea xwe y\u00ea ciwan de ji bo bibe ferdeke dilpak ya doza gel\u00ea xwe ber\u00ea xwe da nav \u015fore\u015fa gelan. Di nav malbateke welatpar\u00eaz \u00fb xwed\u00ee berd\u00eal\u00ean giranbiha de mezin dibe. Bi hi\u015fmendiya, jiyana azad diyar\u00ee jinan \u00fb gelan bike t\u00eako\u015fiya. Di nav sal\u00ean dir\u00eaj y\u00ea teko\u015f\u00een\u00ea de, bi dilpak\u00ee, gir\u00eadana hevaltiy\u00ea tim\u00ee di jiyana xwe de b\u00fb m\u00eenak ji r\u00eaheval\u00ean dorh\u00eala xwe re. Gelek taybetmendiy\u00ean jin\u00ean \u015fore\u015fger \u00fb teko\u015f\u00eenvan di kesayeta xwe de ava kirib\u00fb. Bi v\u00ea sekna xwe b\u00fb kedkara mezin, li ser xaka kevnar ya xwedawandan l\u00ea jiyan kirib\u00fb, Tilhalef.<\/p>\n<p>Hevr\u00ea Sara, xwed\u00ee heman serp\u00eahat\u00ee b\u00fb. R\u00eaheval Sara li ser xaka bi bereket ya ku bihust bi bihust bi keda jinan hatib\u00fb xwe\u015fik kirin li Bajar\u00ea Efr\u00een\u00ea mezin dibe. Di nav malbateke kedkar \u00fb welatpar\u00eaz de jiyan dike. Ew di \u015fopa hevr\u00ea \u00fb biray\u00ea xwe y\u00ea \u015feh\u00eed de b\u00fb p\u00ea\u015feng \u00fb teko\u015f\u00eenvan gel\u00ea xwe. Ji sal\u00ean dest p\u00ea k\u00ea y\u00ea \u015fore\u015f\u00ea de be\u015fdar\u00ee nav ref\u00ean me b\u00fb. Di hem\u00fb \u015fer \u00fb p\u00eangavan de cih\u00ea xwe girt. Di p\u00eangav \u00fb \u015fer\u00ea li dij\u00ee DAI\u015e\u2019\u00ea de cih\u00ea xwe girt. Di \u015fer\u00ea li Efr\u00een \u00fb \u015eehbay\u00ea de cih girt, bi cesaret \u00fb fedekariya xwe b\u00fb m\u00eenaka rih\u00ea berxwed\u00ear. Tev\u00ee ku di \u015fer\u00ea li \u015eehba, y\u00ea li dij\u00ee Cephet-El Nusra de \u00e7avek\u00ee xwe winda kir l\u00ea qet rojek ji bo xwe nekir asteng li p\u00ea\u015fiya teko\u015f\u00een\u00ea. \u00cero li hember\u00ee heman \u00e7eteyan li Gir\u00ea Sp\u00ee di \u00e7eper\u00ean p\u00ea\u015f y\u00ea berxwedan\u00ea de cih girt tevl\u00ee nav karwan\u00ea \u015feh\u00eedan b\u00fb.<\/p>\n<p>Ev ezm\u00fbna jiyana azad \u00fb biryardariya herdu r\u00eaheval\u00ean me di teko\u015f\u00eena xwe de n\u00ee\u015fan daye ji bo me \u00e7avkaniya domandina teko\u015f\u00eena azadiy\u00ea ye. Em li hember\u00ee \u015fehadeta van herdu r\u00eaheval\u00ean xwe careke din dib\u00eajin w\u00ea keda \u015feh\u00eedan ji bo me her tim bibe h\u00eav\u00ee \u00fb baweriya bi serkeftin\u00ea. Ji bo em b\u00eer \u00fb baweriya \u015feh\u00eed\u00ean xwe bi cih b\u00eenin, \u00e7i ked \u00fb fedekar\u00ee ji niha \u00fb p\u00eave were xwestin em amade ne p\u00ea rabikin. Soza me dab\u00fb Ar\u00een, R\u00eavana, Sozdaran, Bar\u00een \u00fb Av\u00eastayan em \u00eero di \u015fexs\u00ea hevr\u00ea Ronah\u00ee, Sara \u00fb tevah\u00ee \u015feh\u00eed\u00ean Berxwedana R\u00fbmet\u00ea n\u00fb dikin \u00fb dib\u00eaj\u00een w\u00ea teko\u015f\u00eena \u015feh\u00eed\u00ean me daye bi serkeftin\u00ea b\u00ea tac\u00eedar kirin.<\/p>\n<p>Li ser w\u00ea bingeh\u00ea em careke din di \u015fexs\u00ea herdu r\u00eahevalan de, \u015feh\u00eed\u00ean teko\u015f\u00eena azadiy\u00ea \u00fb \u015feh\u00eed\u00ean Berxwedana R\u00fbmet\u00ea bi b\u00eert\u00eenin. Ji tevah\u00ee gel\u00ea me, mirovah\u00ee \u00fb malbata herdu hevalan re sersax\u00ee dixwezin.<\/p>\n<p><strong>Nasnamey<\/strong><strong>\u00ean<\/strong><strong>\u00a0r\u00eaheval<\/strong><strong>\u00ean<\/strong><strong>\u00a0me y<\/strong><strong>\u00ean<\/strong><strong>\u00a0\u015feh\u00eed wiha ye:<\/strong><\/p>\n<p>&nbsp;<\/p>\n<p><img loading=\"lazy\" decoding=\"async\" class=\"alignnone size-medium wp-image-9961\" src=\"http:\/\/ypjrojava.net\/wp-content\/uploads\/2019\/11\/RONAH\u0130-GEWDA-CEYLAN-\u0130SLAM-215x300.jpg\" alt=\"\" width=\"215\" height=\"300\" srcset=\"https:\/\/ypjrojava.net\/wp-content\/uploads\/2019\/11\/RONAH\u0130-GEWDA-CEYLAN-\u0130SLAM-215x300.jpg 215w, https:\/\/ypjrojava.net\/wp-content\/uploads\/2019\/11\/RONAH\u0130-GEWDA-CEYLAN-\u0130SLAM-733x1024.jpg 733w, https:\/\/ypjrojava.net\/wp-content\/uploads\/2019\/11\/RONAH\u0130-GEWDA-CEYLAN-\u0130SLAM.jpg 751w\" sizes=\"auto, (max-width: 215px) 100vw, 215px\" \/><\/p>\n<p><strong>Nasnav: <\/strong>RONAH\u00ce GEWDA<\/p>\n<p><strong>Nav \u00fb Pa\u015fnav:<\/strong> CEYLAN A\u015eKAN<\/p>\n<p><strong>Nav\u00ea Day\u00eek:<\/strong> REMZ\u0130YE<\/p>\n<p><strong>Nav\u00ea Bav:<\/strong> \u0130SLAM<\/p>\n<p><strong>Cih \u00fb D\u00eeroka \u015eehadet\u00ea:<\/strong> 11.10.2019 \/SER\u00ca KANIY\u00ca<\/p>\n<p>&nbsp;<\/p>\n<p><img loading=\"lazy\" decoding=\"async\" class=\"alignnone size-medium wp-image-9962\" src=\"http:\/\/ypjrojava.net\/wp-content\/uploads\/2019\/11\/SARA-T\u0130REJ-SAK\u0130NE-MIHEMED-215x300.jpg\" alt=\"\" width=\"215\" height=\"300\" srcset=\"https:\/\/ypjrojava.net\/wp-content\/uploads\/2019\/11\/SARA-T\u0130REJ-SAK\u0130NE-MIHEMED-215x300.jpg 215w, https:\/\/ypjrojava.net\/wp-content\/uploads\/2019\/11\/SARA-T\u0130REJ-SAK\u0130NE-MIHEMED-733x1024.jpg 733w, https:\/\/ypjrojava.net\/wp-content\/uploads\/2019\/11\/SARA-T\u0130REJ-SAK\u0130NE-MIHEMED.jpg 751w\" sizes=\"auto, (max-width: 215px) 100vw, 215px\" \/><\/p>\n<p><strong>Nasnav:<\/strong>\u00a0 SARA T\u0130REJ<\/p>\n<p><strong>Nav \u00fb Pa\u015fnav:<\/strong>\u00a0SAK\u0130NE MIHEMED<\/p>\n<p><strong>Nav\u00ea Day\u00eek:<\/strong> HEN\u0130FE<\/p>\n<p><strong>Nav\u00ea Bav:<\/strong> XALID<\/p>\n<p><strong>Cih \u00fb D\u00eeroka \u015eehadet\u00ea:<\/strong> 13.10.2019 <strong>\/ <\/strong>GIR\u00ca SP\u00ce<\/p>\n<p><strong>\u00a0<\/strong><\/p>\n<p><strong>Fermandariya Gi\u015ft\u00ee A YPJ\u2019\u00ea<\/strong><\/p>\n<p><strong>01.11.2019\u00a0\u00a0\u00a0<\/strong><\/p>\n<p>&nbsp;<\/p>\n<p><strong>\u00a0<\/strong><\/p>\n<p>&nbsp;<\/p>\n<p>&nbsp;<\/p>\n<p><strong>\u00a0<\/strong><\/p>\n<p>&nbsp;<\/p>\n<p><strong>\u00a0<\/strong><\/p>\n<p>&nbsp;<\/p>\n<p>&nbsp;<\/p>\n<p><strong>\u00a0<\/strong><\/p>\n<p>&nbsp;<\/p>\n<p>&nbsp;<\/p>\n","protected":false},"excerpt":{"rendered":"<p>Em di kesayeta r\u00eaheval Ronah\u00ee \u00fb Sara de ku b\u00fbn sembola dilpakiya hevaltiy\u00ea \u00fb b\u00fbn ev\u00eendar\u00ea teko\u015f\u00eena gelan, \u015feh\u00eed\u00ean \u015fore\u015fa mirovahiy\u00ea \u00fb tevah\u00ee \u015feh\u00eed\u00ean Berxwedana R\u00fbmet\u00ea bi minetdar\u00ee bi b\u00eert\u00eenin. Em di \u015fexs\u00ea malbat\u00ean herdu heval\u00ean xwey\u00ee h\u00eaja de sarsax\u00ee ji tevah\u00ee gel\u00ean Bak\u00fbr-Rojhilat\u00ee S\u00fbriy\u00ea \u00fb tevah\u00ee jin\u00ean teko\u015f\u00eenvan re dixwezin. Em careke din li [&hellip;]<\/p>\n","protected":false},"author":1,"featured_media":9963,"comment_status":"closed","ping_status":"closed","sticky":false,"template":"","format":"standard","meta":{"footnotes":""},"categories":[39],"tags":[],"class_list":{"0":"post-9960","1":"post","2":"type-post","3":"status-publish","4":"format-standard","5":"has-post-thumbnail","7":"category-daxuyani"},"_links":{"self":[{"href":"https:\/\/ypjrojava.net\/index.php?rest_route=\/wp\/v2\/posts\/9960","targetHints":{"allow":["GET"]}}],"collection":[{"href":"https:\/\/ypjrojava.net\/index.php?rest_route=\/wp\/v2\/posts"}],"about":[{"href":"https:\/\/ypjrojava.net\/index.php?rest_route=\/wp\/v2\/types\/post"}],"author":[{"embeddable":true,"href":"https:\/\/ypjrojava.net\/index.php?rest_route=\/wp\/v2\/users\/1"}],"replies":[{"embeddable":true,"href":"https:\/\/ypjrojava.net\/index.php?rest_route=%2Fwp%2Fv2%2Fcomments&post=9960"}],"version-history":[{"count":2,"href":"https:\/\/ypjrojava.net\/index.php?rest_route=\/wp\/v2\/posts\/9960\/revisions"}],"predecessor-version":[{"id":9965,"href":"https:\/\/ypjrojava.net\/index.php?rest_route=\/wp\/v2\/posts\/9960\/revisions\/9965"}],"wp:featuredmedia":[{"embeddable":true,"href":"https:\/\/ypjrojava.net\/index.php?rest_route=\/wp\/v2\/media\/9963"}],"wp:attachment":[{"href":"https:\/\/ypjrojava.net\/index.php?rest_route=%2Fwp%2Fv2%2Fmedia&parent=9960"}],"wp:term":[{"taxonomy":"category","embeddable":true,"href":"https:\/\/ypjrojava.net\/index.php?rest_route=%2Fwp%2Fv2%2Fcategories&post=9960"},{"taxonomy":"post_tag","embeddable":true,"href":"https:\/\/ypjrojava.net\/index.php?rest_route=%2Fwp%2Fv2%2Ftags&post=9960"}],"curies":[{"name":"wp","href":"https:\/\/api.w.org\/{rel}","templated":true}]}}