{"id":9995,"date":"2019-11-02T13:40:31","date_gmt":"2019-11-02T13:40:31","guid":{"rendered":"https:\/\/ypjrojava.net\/?p=9995"},"modified":"2022-06-28T04:47:15","modified_gmt":"2022-06-28T04:47:15","slug":"dagirker-erisi-gunde-dibis-dikin","status":"publish","type":"post","link":"https:\/\/ypjrojava.net\/?p=9995","title":{"rendered":"Dagirker \u00car\u00ee\u015f\u00ee G\u00fbnd\u00ea Dibis Dikin"},"content":{"rendered":"<p><strong>Lezg\u00een:<\/strong><\/p>\n<div class=\"meta-galeri\">Li bakur\u00ea g\u00fbnd\u00ea Dibis a ku 7 km li bakur rojavay\u00ea Eyn \u00cesay\u00ea dikeve, art\u00ea\u015fa Tirk a dagirker \u00fb \u00e7etey\u00ean w\u00ea DAI\u015e \u00fb El-Nusra, \u00eari\u015f dikin. L\u00ea \u015fervan di \u00e7ar\u00e7oveya parastina rewa de bersiva \u00ear\u00ee\u015f\u00ean dagirkeriy\u00ea didin \u00fb pev\u00e7\u00fbn di van k\u00ealiyande berdewame.<\/div>\n<div><\/div>\n<div><strong>Navenda Ragihandina YPJ&#8217;\u00ea\u00a0<\/strong><\/div>\n<div><strong>Eyn \u00cesa-02.11.2019<\/strong><\/div>\n<div class=\"row\"><\/div>\n","protected":false},"excerpt":{"rendered":"<p>Lezg\u00een: Li bakur\u00ea g\u00fbnd\u00ea Dibis a ku 7 km li bakur rojavay\u00ea Eyn \u00cesay\u00ea dikeve, art\u00ea\u015fa Tirk a dagirker \u00fb \u00e7etey\u00ean w\u00ea DAI\u015e \u00fb El-Nusra, \u00eari\u015f dikin. L\u00ea \u015fervan di \u00e7ar\u00e7oveya parastina rewa de bersiva \u00ear\u00ee\u015f\u00ean dagirkeriy\u00ea didin \u00fb pev\u00e7\u00fbn di van k\u00ealiyande berdewame. Navenda Ragihandina YPJ&#8217;\u00ea\u00a0 Eyn \u00cesa-02.11.2019<\/p>\n","protected":false},"author":1,"featured_media":14671,"comment_status":"closed","ping_status":"closed","sticky":false,"template":"","format":"standard","meta":{"footnotes":""},"categories":[38],"tags":[],"class_list":{"0":"post-9995","1":"post","2":"type-post","3":"status-publish","4":"format-standard","5":"has-post-thumbnail","7":"category-nuce"},"_links":{"self":[{"href":"https:\/\/ypjrojava.net\/index.php?rest_route=\/wp\/v2\/posts\/9995","targetHints":{"allow":["GET"]}}],"collection":[{"href":"https:\/\/ypjrojava.net\/index.php?rest_route=\/wp\/v2\/posts"}],"about":[{"href":"https:\/\/ypjrojava.net\/index.php?rest_route=\/wp\/v2\/types\/post"}],"author":[{"embeddable":true,"href":"https:\/\/ypjrojava.net\/index.php?rest_route=\/wp\/v2\/users\/1"}],"replies":[{"embeddable":true,"href":"https:\/\/ypjrojava.net\/index.php?rest_route=%2Fwp%2Fv2%2Fcomments&post=9995"}],"version-history":[{"count":1,"href":"https:\/\/ypjrojava.net\/index.php?rest_route=\/wp\/v2\/posts\/9995\/revisions"}],"predecessor-version":[{"id":9996,"href":"https:\/\/ypjrojava.net\/index.php?rest_route=\/wp\/v2\/posts\/9995\/revisions\/9996"}],"wp:featuredmedia":[{"embeddable":true,"href":"https:\/\/ypjrojava.net\/index.php?rest_route=\/wp\/v2\/media\/14671"}],"wp:attachment":[{"href":"https:\/\/ypjrojava.net\/index.php?rest_route=%2Fwp%2Fv2%2Fmedia&parent=9995"}],"wp:term":[{"taxonomy":"category","embeddable":true,"href":"https:\/\/ypjrojava.net\/index.php?rest_route=%2Fwp%2Fv2%2Fcategories&post=9995"},{"taxonomy":"post_tag","embeddable":true,"href":"https:\/\/ypjrojava.net\/index.php?rest_route=%2Fwp%2Fv2%2Ftags&post=9995"}],"curies":[{"name":"wp","href":"https:\/\/api.w.org\/{rel}","templated":true}]}}