{"id":9997,"date":"2019-11-02T13:58:58","date_gmt":"2019-11-02T13:58:58","guid":{"rendered":"https:\/\/ypjrojava.net\/?p=9997"},"modified":"2022-06-22T03:59:58","modified_gmt":"2022-06-22T03:59:58","slug":"ji-bo-raya-gisti-ra-4","status":"publish","type":"post","link":"https:\/\/ypjrojava.net\/?p=9997","title":{"rendered":"Ji Bo Raya Gi\u015ft\u00ee Ra"},"content":{"rendered":"<p><strong>Encam<\/strong><strong>\u00ean \u015fer <\/strong><strong>\u00fb berxwedana 24em\u00een li rojavay<\/strong><strong>\u00ea Kurdistan <\/strong><strong>\u00fb bak<\/strong><strong>\u00fbr<\/strong><strong>\u00ea S<\/strong><strong>\u00fbriy<\/strong><strong>\u00ea<\/strong><\/p>\n<p><strong>\u00a0<\/strong><strong>Eb<\/strong><strong>\u00fb Rasen &#8211; Til Temir<\/strong><\/p>\n<p>Art\u00ea\u015fa dagirker \u00fb kom\u00ean \u00e7ete y\u00ean bi ser ve li gund\u00ean Ing el-Hewa, Til Mihemed, Ez\u00eeziy\u00ea, Cemil\u00eey\u00ea, Mehm\u00fbdiy\u00ea, Tewila \u00fb herwiha li bajarok\u00ea Eb\u00fb Rasen bi pi\u015ftevaniya \u00e7ek\u00ean giran \u00fb hejmarek z\u00eade \u00e7ete \u00ear\u00ee\u015f birin li ser her\u00eam\u00ean s\u00eev\u00eel hewl dan ku dagirkeriya xwe berfireh bikin. H\u00eaz\u00ean me di \u00e7ar\u00e7oveya parastina rewa de bersiva van \u00ear\u00ee\u015fan dan \u00fb di encam de pev\u00e7\u00fbn\u00ean giran qewim\u00een. Di encama pev\u00e7\u00fbnan de hejmarek z\u00eade ji \u00e7etey\u00ean art\u00ea\u015fa dagirker hatin ku\u015ftin \u00fb br\u00eendarkirin, panzerek hate r\u00fbxandin \u00fb yek hate derbkirin. D\u00eesa li gund\u00ea Erbe\u2019\u00een dema kom\u00ean \u00e7ete xwestin \u00ear\u00ee\u015f li dar bixin h\u00eaz\u00ean me bersiva \u00ear\u00ee\u015fan dan \u00fb di encam de 7 \u00e7ete hatin ku\u015ftin, 4 br\u00eendar b\u00fbn.<\/p>\n<p><strong>Koban\u00ee \u00fb Eyn \u00cesa<\/strong><\/p>\n<p>Li gund\u00ean Alar\u00eeda, Xirbet Faris \u00fb Eb\u00fb Dih\u00fbr art\u00ea\u015fa dagirker \u00fb kom\u00ean \u00e7ete xwestin \u00ear\u00ee\u015f li dar bixin. H\u00eaz\u00ean me ebrsiva \u00ear\u00ee\u015fan dan \u00fb di encam de \u00ear\u00ee\u015f hatin \u015fikandin. Di encam de 5 \u00e7ete hatin ku\u015ftin, seyareyek le\u015fker\u00ee \u00fb ma\u015f\u00eeneyek kar hatin r\u00fbxandin.<\/p>\n<p>Bi gi\u015ft\u00ee di bersivdana h\u00eaz\u00ean me de her\u00ee k\u00eam 12 \u00e7ete hatin ku\u015ftin, 4 hatin br\u00eendarkirin \u00fb 3 seyare hatin r\u00fbxandin.<\/p>\n<p>Di v\u00ea berxwedan\u00ea de hejmarek heval\u00ean me br\u00eendar b\u00fbn.<\/p>\n<p><strong><em>Navenda Ragihandina QSD<\/em><\/strong><\/p>\n<p><strong><em>2<\/em><\/strong><strong><em>\u00ea <\/em><\/strong><strong><em>Mijdara 2019<\/em><\/strong><\/p>\n","protected":false},"excerpt":{"rendered":"<p>Encam\u00ean \u015fer \u00fb berxwedana 24em\u00een li rojavay\u00ea Kurdistan \u00fb bak\u00fbr\u00ea S\u00fbriy\u00ea \u00a0Eb\u00fb Rasen &#8211; Til Temir Art\u00ea\u015fa dagirker \u00fb kom\u00ean \u00e7ete y\u00ean bi ser ve li gund\u00ean Ing el-Hewa, Til Mihemed, Ez\u00eeziy\u00ea, Cemil\u00eey\u00ea, Mehm\u00fbdiy\u00ea, Tewila \u00fb herwiha li bajarok\u00ea Eb\u00fb Rasen bi pi\u015ftevaniya \u00e7ek\u00ean giran \u00fb hejmarek z\u00eade \u00e7ete \u00ear\u00ee\u015f birin li ser her\u00eam\u00ean s\u00eev\u00eel [&hellip;]<\/p>\n","protected":false},"author":1,"featured_media":14176,"comment_status":"closed","ping_status":"closed","sticky":false,"template":"","format":"standard","meta":{"footnotes":""},"categories":[39],"tags":[],"class_list":{"0":"post-9997","1":"post","2":"type-post","3":"status-publish","4":"format-standard","5":"has-post-thumbnail","7":"category-daxuyani"},"_links":{"self":[{"href":"https:\/\/ypjrojava.net\/index.php?rest_route=\/wp\/v2\/posts\/9997","targetHints":{"allow":["GET"]}}],"collection":[{"href":"https:\/\/ypjrojava.net\/index.php?rest_route=\/wp\/v2\/posts"}],"about":[{"href":"https:\/\/ypjrojava.net\/index.php?rest_route=\/wp\/v2\/types\/post"}],"author":[{"embeddable":true,"href":"https:\/\/ypjrojava.net\/index.php?rest_route=\/wp\/v2\/users\/1"}],"replies":[{"embeddable":true,"href":"https:\/\/ypjrojava.net\/index.php?rest_route=%2Fwp%2Fv2%2Fcomments&post=9997"}],"version-history":[{"count":1,"href":"https:\/\/ypjrojava.net\/index.php?rest_route=\/wp\/v2\/posts\/9997\/revisions"}],"predecessor-version":[{"id":9998,"href":"https:\/\/ypjrojava.net\/index.php?rest_route=\/wp\/v2\/posts\/9997\/revisions\/9998"}],"wp:featuredmedia":[{"embeddable":true,"href":"https:\/\/ypjrojava.net\/index.php?rest_route=\/wp\/v2\/media\/14176"}],"wp:attachment":[{"href":"https:\/\/ypjrojava.net\/index.php?rest_route=%2Fwp%2Fv2%2Fmedia&parent=9997"}],"wp:term":[{"taxonomy":"category","embeddable":true,"href":"https:\/\/ypjrojava.net\/index.php?rest_route=%2Fwp%2Fv2%2Fcategories&post=9997"},{"taxonomy":"post_tag","embeddable":true,"href":"https:\/\/ypjrojava.net\/index.php?rest_route=%2Fwp%2Fv2%2Ftags&post=9997"}],"curies":[{"name":"wp","href":"https:\/\/api.w.org\/{rel}","templated":true}]}}